{"id":23163,"date":"2025-11-10T13:15:44","date_gmt":"2025-11-10T17:15:44","guid":{"rendered":"https:\/\/confluenceslab.uqat.ca\/?p=23163"},"modified":"2026-01-12T10:31:48","modified_gmt":"2026-01-12T14:31:48","slug":"appel-a-projets-nuit-blanche-de-rouyn-noranda-2026","status":"publish","type":"post","link":"https:\/\/confluenceslab.uqat.ca\/index.php\/2025\/11\/10\/appel-a-projets-nuit-blanche-de-rouyn-noranda-2026\/","title":{"rendered":"Appel \u00e0 projets | Nuit Blanche de Rouyn-Noranda 2026"},"content":{"rendered":"<div class=\"wpb-content-wrapper\"><section class=\"vc_row wpb_row vc_row-fluid  vc_custom_1507696989698\"><div class=\"wpb_column vc_column_container  col-xs-mobile-fullwidth\"><div class=\"vc_column-inner \"><div class=\"wpb_wrapper\"><div class=\"last-paragraph-no-margin\"><p>La Nuit Blanche de Rouyn-Noranda revient pour une 3e \u00e9dition le <strong>samedi 2 mai 2026, de 20 h \u00e0 4 h<\/strong>.<\/p>\n<p>Sous le th\u00e8me \u201c<em>F\u00eater la nuit<\/em>\u201d, nous invitons les artistes, collectifs, organismes culturels, commerces locaux et lieux de diffusion \u00e0 proposer une activit\u00e9 ou un projet pour faire vibrer le Vieux-Noranda et le centre-ville toute la nuit !<\/p>\n<p>Nous accueillons avec enthousiasme des propositions :<\/p>\n<ul>\n<li aria-setsize=\"-1\" data-leveltext=\"-\" data-font=\"Aptos\" data-listid=\"4\" data-list-defn-props=\"{&quot;335552541&quot;:1,&quot;335559683&quot;:0,&quot;335559684&quot;:-2,&quot;335559685&quot;:720,&quot;335559991&quot;:360,&quot;469769226&quot;:&quot;Aptos&quot;,&quot;469769242&quot;:&#091;8226&#093;,&quot;469777803&quot;:&quot;left&quot;,&quot;469777804&quot;:&quot;-&quot;,&quot;469777815&quot;:&quot;hybridMultilevel&quot;}\" data-aria-posinset=\"1\" data-aria-level=\"1\">Culturelles, artistiques ou num\u00e9riques;<\/li>\n<\/ul>\n<ul>\n<li aria-setsize=\"-1\" data-leveltext=\"-\" data-font=\"Aptos\" data-listid=\"5\" data-list-defn-props=\"{&quot;335552541&quot;:1,&quot;335559683&quot;:0,&quot;335559684&quot;:-2,&quot;335559685&quot;:720,&quot;335559991&quot;:360,&quot;469769226&quot;:&quot;Aptos&quot;,&quot;469769242&quot;:&#091;8226&#093;,&quot;469777803&quot;:&quot;left&quot;,&quot;469777804&quot;:&quot;-&quot;,&quot;469777815&quot;:&quot;hybridMultilevel&quot;}\" data-aria-posinset=\"1\" data-aria-level=\"1\">Festives, communautaires et participatives;<\/li>\n<\/ul>\n<ul>\n<li aria-setsize=\"-1\" data-leveltext=\"-\" data-font=\"Aptos\" data-listid=\"6\" data-list-defn-props=\"{&quot;335552541&quot;:1,&quot;335559683&quot;:0,&quot;335559684&quot;:-2,&quot;335559685&quot;:720,&quot;335559991&quot;:360,&quot;469769226&quot;:&quot;Aptos&quot;,&quot;469769242&quot;:&#091;8226&#093;,&quot;469777803&quot;:&quot;left&quot;,&quot;469777804&quot;:&quot;-&quot;,&quot;469777815&quot;:&quot;hybridMultilevel&quot;}\" data-aria-posinset=\"1\" data-aria-level=\"1\">Sportives et rassembleuses;<\/li>\n<\/ul>\n<ul>\n<li aria-setsize=\"-1\" data-leveltext=\"-\" data-font=\"Aptos\" data-listid=\"7\" data-list-defn-props=\"{&quot;335552541&quot;:1,&quot;335559683&quot;:0,&quot;335559684&quot;:-2,&quot;335559685&quot;:720,&quot;335559991&quot;:360,&quot;469769226&quot;:&quot;Aptos&quot;,&quot;469769242&quot;:&#091;8226&#093;,&quot;469777803&quot;:&quot;left&quot;,&quot;469777804&quot;:&quot;-&quot;,&quot;469777815&quot;:&quot;hybridMultilevel&quot;}\" data-aria-posinset=\"1\" data-aria-level=\"1\">Issues de commerces ou lieux de diffusion (prolongations d\u2019ouverture, collaborations sp\u00e9ciales, etc.)<\/li>\n<\/ul>\n<p>En bref : toutes les initiatives qui contribuent \u00e0 \u201c<em>F\u00eater la nuit<\/em>\u201d sont les bienvenues !<\/p>\n<p>Date limite de d\u00e9p\u00f4t : 6 f\u00e9vrier 2026<\/p>\n<p><strong><a href=\"https:\/\/forms.office.com\/r\/Kp5xXZCWtP\">Soumettre un projet<\/a><\/strong><\/p>\n<p>&nbsp;<\/p>\n<p><span style=\"text-decoration: underline;\">Cette \u00e9dition s\u2019inscrit dans la\u00a0programmation officielle des c\u00e9l\u00e9brations du 100e anniversaire de la Ville de Rouyn-Noranda, en partenariat avec la\u00a0Soci\u00e9t\u00e9 du 100e.<\/span><\/p>\n<\/div><\/div><\/div><\/div><\/section>\n<\/div>","protected":false},"excerpt":{"rendered":"La Nuit Blanche de Rouyn-Noranda revient pour une 3e \u00e9dition le samedi 2 mai 2026, de 20 h \u00e0 4 h. Sous le th\u00e8me \u201cF\u00eater la nuit\u201d, nous invitons les artistes, collectifs, organismes culturels, commerces locaux et lieux de diffusion \u00e0 proposer une activit\u00e9 ou un projet pour faire vibrer le Vieux-Noranda et le centre-ville toute la nuit ! Nous accueillons avec enthousiasme des propositions : Culturelles, artistiques ou num\u00e9riques; Festives, communautaires et participatives; Sportives et rassembleuses; Issues de commerces ou lieux de diffusion (prolongations d\u2019ouverture, collaborations sp\u00e9ciales, etc.) En bref : toutes les initiatives qui contribuent \u00e0 \u201cF\u00eater la nuit\u201d sont les bienvenues ! Date limite de d\u00e9p\u00f4t : 6 f\u00e9vrier 2026 Soumettre un projet &nbsp; Cette \u00e9dition s\u2019inscrit dans la\u00a0programmation officielle des c\u00e9l\u00e9brations du 100e anniversaire de la Ville de Rouyn-Noranda, en partenariat avec la\u00a0Soci\u00e9t\u00e9 du 100e.","protected":false},"author":2,"featured_media":23173,"comment_status":"open","ping_status":"open","sticky":false,"template":"","format":"standard","meta":{"footnotes":""},"categories":[94],"tags":[],"class_list":["post-23163","post","type-post","status-publish","format-standard","has-post-thumbnail","hentry","category-nouvelles"],"yoast_head":"<!-- This site is optimized with the Yoast SEO plugin v27.5 - https:\/\/yoast.com\/product\/yoast-seo-wordpress\/ -->\n<title>Appel \u00e0 projets | Nuit Blanche de Rouyn-Noranda 2026 - Confluences Lab<\/title>\n<meta name=\"description\" content=\"Le confluences.lab invite les artistes, collectifs, organismes culturels, commerces locaux et lieux de diffusion \u00e0 proposer un projet.\" \/>\n<meta name=\"robots\" content=\"index, follow, max-snippet:-1, max-image-preview:large, max-video-preview:-1\" \/>\n<link rel=\"canonical\" href=\"https:\/\/confluenceslab.uqat.ca\/index.php\/2025\/11\/10\/appel-a-projets-nuit-blanche-de-rouyn-noranda-2026\/\" \/>\n<meta property=\"og:locale\" content=\"fr_FR\" \/>\n<meta property=\"og:type\" content=\"article\" \/>\n<meta property=\"og:title\" content=\"Appel \u00e0 projets | Nuit Blanche de Rouyn-Noranda 2026\" \/>\n<meta property=\"og:description\" content=\"Le confluences.lab invite les artistes, collectifs, organismes culturels, commerces locaux et lieux de diffusion \u00e0 proposer un projet.\" \/>\n<meta property=\"og:url\" content=\"https:\/\/confluenceslab.uqat.ca\/index.php\/2025\/11\/10\/appel-a-projets-nuit-blanche-de-rouyn-noranda-2026\/\" \/>\n<meta property=\"og:site_name\" content=\"Confluences Lab\" \/>\n<meta property=\"article:publisher\" content=\"https:\/\/www.facebook.com\/profile.php?id=61565157950955&amp;mibextid=wwXIfr&amp;rdid=7M0nLWQR684DYodT&amp;share_url=httpswww.facebook.comshare16SV7j2NmgmibextidwwXIfr#\" \/>\n<meta property=\"article:published_time\" content=\"2025-11-10T17:15:44+00:00\" \/>\n<meta property=\"article:modified_time\" content=\"2026-01-12T14:31:48+00:00\" \/>\n<meta property=\"og:image\" content=\"https:\/\/confluenceslab.uqat.ca\/wp-content\/uploads\/2025\/11\/Nuit-Blanche-Rouyn-Noranda_3e-edition.png\" \/>\n\t<meta property=\"og:image:width\" content=\"1920\" \/>\n\t<meta property=\"og:image:height\" content=\"1080\" \/>\n\t<meta property=\"og:image:type\" content=\"image\/png\" \/>\n<meta name=\"author\" content=\"S\u00e9bastien Duplessis\" \/>\n<meta name=\"twitter:card\" content=\"summary_large_image\" \/>\n<meta name=\"twitter:title\" content=\"Appel \u00e0 projets | Nuit Blanche de Rouyn-Noranda 2026\" \/>\n<meta name=\"twitter:description\" content=\"Le confluences.lab invite les artistes, collectifs, organismes culturels, commerces locaux et lieux de diffusion \u00e0 proposer un projet.\" \/>\n<meta name=\"twitter:image\" content=\"https:\/\/confluenceslab.uqat.ca\/wp-content\/uploads\/2025\/11\/Nuit-Blanche-Rouyn-Noranda_3e-edition.png\" \/>\n<meta name=\"twitter:creator\" content=\"@Facebook\" \/>\n<meta name=\"twitter:site\" content=\"@Facebook\" \/>\n<meta name=\"twitter:label1\" content=\"\u00c9crit par\" \/>\n\t<meta name=\"twitter:data1\" content=\"S\u00e9bastien Duplessis\" \/>\n\t<meta name=\"twitter:label2\" content=\"Dur\u00e9e de lecture estim\u00e9e\" \/>\n\t<meta name=\"twitter:data2\" content=\"1 minute\" \/>\n<script type=\"application\/ld+json\" class=\"yoast-schema-graph\">{\"@context\":\"https:\\\/\\\/schema.org\",\"@graph\":[{\"@type\":\"Article\",\"@id\":\"https:\\\/\\\/confluenceslab.uqat.ca\\\/index.php\\\/2025\\\/11\\\/10\\\/appel-a-projets-nuit-blanche-de-rouyn-noranda-2026\\\/#article\",\"isPartOf\":{\"@id\":\"https:\\\/\\\/confluenceslab.uqat.ca\\\/index.php\\\/2025\\\/11\\\/10\\\/appel-a-projets-nuit-blanche-de-rouyn-noranda-2026\\\/\"},\"author\":{\"name\":\"S\u00e9bastien Duplessis\",\"@id\":\"https:\\\/\\\/confluenceslab.uqat.ca\\\/#\\\/schema\\\/person\\\/90c3a245e5110b08e69569bb25e0bcb5\"},\"headline\":\"Appel \u00e0 projets | Nuit Blanche de Rouyn-Noranda 2026\",\"datePublished\":\"2025-11-10T17:15:44+00:00\",\"dateModified\":\"2026-01-12T14:31:48+00:00\",\"mainEntityOfPage\":{\"@id\":\"https:\\\/\\\/confluenceslab.uqat.ca\\\/index.php\\\/2025\\\/11\\\/10\\\/appel-a-projets-nuit-blanche-de-rouyn-noranda-2026\\\/\"},\"wordCount\":169,\"commentCount\":0,\"publisher\":{\"@id\":\"https:\\\/\\\/confluenceslab.uqat.ca\\\/#organization\"},\"image\":{\"@id\":\"https:\\\/\\\/confluenceslab.uqat.ca\\\/index.php\\\/2025\\\/11\\\/10\\\/appel-a-projets-nuit-blanche-de-rouyn-noranda-2026\\\/#primaryimage\"},\"thumbnailUrl\":\"https:\\\/\\\/confluenceslab.uqat.ca\\\/wp-content\\\/uploads\\\/2025\\\/11\\\/Nuit-Blanche-Rouyn-Noranda_3e-edition.png\",\"articleSection\":[\"Nouvelles\"],\"inLanguage\":\"fr-FR\",\"potentialAction\":[{\"@type\":\"CommentAction\",\"name\":\"Comment\",\"target\":[\"https:\\\/\\\/confluenceslab.uqat.ca\\\/index.php\\\/2025\\\/11\\\/10\\\/appel-a-projets-nuit-blanche-de-rouyn-noranda-2026\\\/#respond\"]}]},{\"@type\":\"WebPage\",\"@id\":\"https:\\\/\\\/confluenceslab.uqat.ca\\\/index.php\\\/2025\\\/11\\\/10\\\/appel-a-projets-nuit-blanche-de-rouyn-noranda-2026\\\/\",\"url\":\"https:\\\/\\\/confluenceslab.uqat.ca\\\/index.php\\\/2025\\\/11\\\/10\\\/appel-a-projets-nuit-blanche-de-rouyn-noranda-2026\\\/\",\"name\":\"Appel \u00e0 projets | Nuit Blanche de Rouyn-Noranda 2026 - Confluences Lab\",\"isPartOf\":{\"@id\":\"https:\\\/\\\/confluenceslab.uqat.ca\\\/#website\"},\"primaryImageOfPage\":{\"@id\":\"https:\\\/\\\/confluenceslab.uqat.ca\\\/index.php\\\/2025\\\/11\\\/10\\\/appel-a-projets-nuit-blanche-de-rouyn-noranda-2026\\\/#primaryimage\"},\"image\":{\"@id\":\"https:\\\/\\\/confluenceslab.uqat.ca\\\/index.php\\\/2025\\\/11\\\/10\\\/appel-a-projets-nuit-blanche-de-rouyn-noranda-2026\\\/#primaryimage\"},\"thumbnailUrl\":\"https:\\\/\\\/confluenceslab.uqat.ca\\\/wp-content\\\/uploads\\\/2025\\\/11\\\/Nuit-Blanche-Rouyn-Noranda_3e-edition.png\",\"datePublished\":\"2025-11-10T17:15:44+00:00\",\"dateModified\":\"2026-01-12T14:31:48+00:00\",\"description\":\"Le confluences.lab invite les artistes, collectifs, organismes culturels, commerces locaux et lieux de diffusion \u00e0 proposer un projet.\",\"breadcrumb\":{\"@id\":\"https:\\\/\\\/confluenceslab.uqat.ca\\\/index.php\\\/2025\\\/11\\\/10\\\/appel-a-projets-nuit-blanche-de-rouyn-noranda-2026\\\/#breadcrumb\"},\"inLanguage\":\"fr-FR\",\"potentialAction\":[{\"@type\":\"ReadAction\",\"target\":[\"https:\\\/\\\/confluenceslab.uqat.ca\\\/index.php\\\/2025\\\/11\\\/10\\\/appel-a-projets-nuit-blanche-de-rouyn-noranda-2026\\\/\"]}]},{\"@type\":\"ImageObject\",\"inLanguage\":\"fr-FR\",\"@id\":\"https:\\\/\\\/confluenceslab.uqat.ca\\\/index.php\\\/2025\\\/11\\\/10\\\/appel-a-projets-nuit-blanche-de-rouyn-noranda-2026\\\/#primaryimage\",\"url\":\"https:\\\/\\\/confluenceslab.uqat.ca\\\/wp-content\\\/uploads\\\/2025\\\/11\\\/Nuit-Blanche-Rouyn-Noranda_3e-edition.png\",\"contentUrl\":\"https:\\\/\\\/confluenceslab.uqat.ca\\\/wp-content\\\/uploads\\\/2025\\\/11\\\/Nuit-Blanche-Rouyn-Noranda_3e-edition.png\",\"width\":1920,\"height\":1080},{\"@type\":\"BreadcrumbList\",\"@id\":\"https:\\\/\\\/confluenceslab.uqat.ca\\\/index.php\\\/2025\\\/11\\\/10\\\/appel-a-projets-nuit-blanche-de-rouyn-noranda-2026\\\/#breadcrumb\",\"itemListElement\":[{\"@type\":\"ListItem\",\"position\":1,\"name\":\"Accueil\",\"item\":\"https:\\\/\\\/confluenceslab.uqat.ca\\\/\"},{\"@type\":\"ListItem\",\"position\":2,\"name\":\"Appel \u00e0 projets | Nuit Blanche de Rouyn-Noranda 2026\"}]},{\"@type\":\"WebSite\",\"@id\":\"https:\\\/\\\/confluenceslab.uqat.ca\\\/#website\",\"url\":\"https:\\\/\\\/confluenceslab.uqat.ca\\\/\",\"name\":\"Confluences Lab\",\"description\":\"Laboratoire de recherche de l&#039;UQAT\",\"publisher\":{\"@id\":\"https:\\\/\\\/confluenceslab.uqat.ca\\\/#organization\"},\"potentialAction\":[{\"@type\":\"SearchAction\",\"target\":{\"@type\":\"EntryPoint\",\"urlTemplate\":\"https:\\\/\\\/confluenceslab.uqat.ca\\\/?s={search_term_string}\"},\"query-input\":{\"@type\":\"PropertyValueSpecification\",\"valueRequired\":true,\"valueName\":\"search_term_string\"}}],\"inLanguage\":\"fr-FR\"},{\"@type\":\"Organization\",\"@id\":\"https:\\\/\\\/confluenceslab.uqat.ca\\\/#organization\",\"name\":\"Confluences Lab de l'UQAT\",\"url\":\"https:\\\/\\\/confluenceslab.uqat.ca\\\/\",\"logo\":{\"@type\":\"ImageObject\",\"inLanguage\":\"fr-FR\",\"@id\":\"https:\\\/\\\/confluenceslab.uqat.ca\\\/#\\\/schema\\\/logo\\\/image\\\/\",\"url\":\"https:\\\/\\\/confluenceslab.uqat.ca\\\/wp-content\\\/uploads\\\/2025\\\/04\\\/Confluences.lab_.png\",\"contentUrl\":\"https:\\\/\\\/confluenceslab.uqat.ca\\\/wp-content\\\/uploads\\\/2025\\\/04\\\/Confluences.lab_.png\",\"width\":1502,\"height\":548,\"caption\":\"Confluences Lab de l'UQAT\"},\"image\":{\"@id\":\"https:\\\/\\\/confluenceslab.uqat.ca\\\/#\\\/schema\\\/logo\\\/image\\\/\"},\"sameAs\":[\"https:\\\/\\\/www.facebook.com\\\/profile.php?id=61565157950955&mibextid=wwXIfr&rdid=7M0nLWQR684DYodT&share_url=httpswww.facebook.comshare16SV7j2NmgmibextidwwXIfr#\",\"https:\\\/\\\/x.com\\\/Facebook\",\"https:\\\/\\\/www.instagram.com\\\/confluenceslab\"]},{\"@type\":\"Person\",\"@id\":\"https:\\\/\\\/confluenceslab.uqat.ca\\\/#\\\/schema\\\/person\\\/90c3a245e5110b08e69569bb25e0bcb5\",\"name\":\"S\u00e9bastien Duplessis\",\"image\":{\"@type\":\"ImageObject\",\"inLanguage\":\"fr-FR\",\"@id\":\"https:\\\/\\\/secure.gravatar.com\\\/avatar\\\/56df22f2a1c1e5fddc3171dd2e9694be8ce942c95f4028d5c0c4df71bf962748?s=96&d=mm&r=g\",\"url\":\"https:\\\/\\\/secure.gravatar.com\\\/avatar\\\/56df22f2a1c1e5fddc3171dd2e9694be8ce942c95f4028d5c0c4df71bf962748?s=96&d=mm&r=g\",\"contentUrl\":\"https:\\\/\\\/secure.gravatar.com\\\/avatar\\\/56df22f2a1c1e5fddc3171dd2e9694be8ce942c95f4028d5c0c4df71bf962748?s=96&d=mm&r=g\",\"caption\":\"S\u00e9bastien Duplessis\"},\"url\":\"https:\\\/\\\/confluenceslab.uqat.ca\\\/index.php\\\/author\\\/sebastien-duplessis2uqat-ca\\\/\"}]}<\/script>\n<!-- \/ Yoast SEO plugin. -->","yoast_head_json":{"title":"Appel \u00e0 projets | Nuit Blanche de Rouyn-Noranda 2026 - Confluences Lab","description":"Le confluences.lab invite les artistes, collectifs, organismes culturels, commerces locaux et lieux de diffusion \u00e0 proposer un projet.","robots":{"index":"index","follow":"follow","max-snippet":"max-snippet:-1","max-image-preview":"max-image-preview:large","max-video-preview":"max-video-preview:-1"},"canonical":"https:\/\/confluenceslab.uqat.ca\/index.php\/2025\/11\/10\/appel-a-projets-nuit-blanche-de-rouyn-noranda-2026\/","og_locale":"fr_FR","og_type":"article","og_title":"Appel \u00e0 projets | Nuit Blanche de Rouyn-Noranda 2026","og_description":"Le confluences.lab invite les artistes, collectifs, organismes culturels, commerces locaux et lieux de diffusion \u00e0 proposer un projet.","og_url":"https:\/\/confluenceslab.uqat.ca\/index.php\/2025\/11\/10\/appel-a-projets-nuit-blanche-de-rouyn-noranda-2026\/","og_site_name":"Confluences Lab","article_publisher":"https:\/\/www.facebook.com\/profile.php?id=61565157950955&mibextid=wwXIfr&rdid=7M0nLWQR684DYodT&share_url=httpswww.facebook.comshare16SV7j2NmgmibextidwwXIfr#","article_published_time":"2025-11-10T17:15:44+00:00","article_modified_time":"2026-01-12T14:31:48+00:00","og_image":[{"width":1920,"height":1080,"url":"https:\/\/confluenceslab.uqat.ca\/wp-content\/uploads\/2025\/11\/Nuit-Blanche-Rouyn-Noranda_3e-edition.png","type":"image\/png"}],"author":"S\u00e9bastien Duplessis","twitter_card":"summary_large_image","twitter_title":"Appel \u00e0 projets | Nuit Blanche de Rouyn-Noranda 2026","twitter_description":"Le confluences.lab invite les artistes, collectifs, organismes culturels, commerces locaux et lieux de diffusion \u00e0 proposer un projet.","twitter_image":"https:\/\/confluenceslab.uqat.ca\/wp-content\/uploads\/2025\/11\/Nuit-Blanche-Rouyn-Noranda_3e-edition.png","twitter_creator":"@Facebook","twitter_site":"@Facebook","twitter_misc":{"\u00c9crit par":"S\u00e9bastien Duplessis","Dur\u00e9e de lecture estim\u00e9e":"1 minute"},"schema":{"@context":"https:\/\/schema.org","@graph":[{"@type":"Article","@id":"https:\/\/confluenceslab.uqat.ca\/index.php\/2025\/11\/10\/appel-a-projets-nuit-blanche-de-rouyn-noranda-2026\/#article","isPartOf":{"@id":"https:\/\/confluenceslab.uqat.ca\/index.php\/2025\/11\/10\/appel-a-projets-nuit-blanche-de-rouyn-noranda-2026\/"},"author":{"name":"S\u00e9bastien Duplessis","@id":"https:\/\/confluenceslab.uqat.ca\/#\/schema\/person\/90c3a245e5110b08e69569bb25e0bcb5"},"headline":"Appel \u00e0 projets | Nuit Blanche de Rouyn-Noranda 2026","datePublished":"2025-11-10T17:15:44+00:00","dateModified":"2026-01-12T14:31:48+00:00","mainEntityOfPage":{"@id":"https:\/\/confluenceslab.uqat.ca\/index.php\/2025\/11\/10\/appel-a-projets-nuit-blanche-de-rouyn-noranda-2026\/"},"wordCount":169,"commentCount":0,"publisher":{"@id":"https:\/\/confluenceslab.uqat.ca\/#organization"},"image":{"@id":"https:\/\/confluenceslab.uqat.ca\/index.php\/2025\/11\/10\/appel-a-projets-nuit-blanche-de-rouyn-noranda-2026\/#primaryimage"},"thumbnailUrl":"https:\/\/confluenceslab.uqat.ca\/wp-content\/uploads\/2025\/11\/Nuit-Blanche-Rouyn-Noranda_3e-edition.png","articleSection":["Nouvelles"],"inLanguage":"fr-FR","potentialAction":[{"@type":"CommentAction","name":"Comment","target":["https:\/\/confluenceslab.uqat.ca\/index.php\/2025\/11\/10\/appel-a-projets-nuit-blanche-de-rouyn-noranda-2026\/#respond"]}]},{"@type":"WebPage","@id":"https:\/\/confluenceslab.uqat.ca\/index.php\/2025\/11\/10\/appel-a-projets-nuit-blanche-de-rouyn-noranda-2026\/","url":"https:\/\/confluenceslab.uqat.ca\/index.php\/2025\/11\/10\/appel-a-projets-nuit-blanche-de-rouyn-noranda-2026\/","name":"Appel \u00e0 projets | Nuit Blanche de Rouyn-Noranda 2026 - Confluences Lab","isPartOf":{"@id":"https:\/\/confluenceslab.uqat.ca\/#website"},"primaryImageOfPage":{"@id":"https:\/\/confluenceslab.uqat.ca\/index.php\/2025\/11\/10\/appel-a-projets-nuit-blanche-de-rouyn-noranda-2026\/#primaryimage"},"image":{"@id":"https:\/\/confluenceslab.uqat.ca\/index.php\/2025\/11\/10\/appel-a-projets-nuit-blanche-de-rouyn-noranda-2026\/#primaryimage"},"thumbnailUrl":"https:\/\/confluenceslab.uqat.ca\/wp-content\/uploads\/2025\/11\/Nuit-Blanche-Rouyn-Noranda_3e-edition.png","datePublished":"2025-11-10T17:15:44+00:00","dateModified":"2026-01-12T14:31:48+00:00","description":"Le confluences.lab invite les artistes, collectifs, organismes culturels, commerces locaux et lieux de diffusion \u00e0 proposer un projet.","breadcrumb":{"@id":"https:\/\/confluenceslab.uqat.ca\/index.php\/2025\/11\/10\/appel-a-projets-nuit-blanche-de-rouyn-noranda-2026\/#breadcrumb"},"inLanguage":"fr-FR","potentialAction":[{"@type":"ReadAction","target":["https:\/\/confluenceslab.uqat.ca\/index.php\/2025\/11\/10\/appel-a-projets-nuit-blanche-de-rouyn-noranda-2026\/"]}]},{"@type":"ImageObject","inLanguage":"fr-FR","@id":"https:\/\/confluenceslab.uqat.ca\/index.php\/2025\/11\/10\/appel-a-projets-nuit-blanche-de-rouyn-noranda-2026\/#primaryimage","url":"https:\/\/confluenceslab.uqat.ca\/wp-content\/uploads\/2025\/11\/Nuit-Blanche-Rouyn-Noranda_3e-edition.png","contentUrl":"https:\/\/confluenceslab.uqat.ca\/wp-content\/uploads\/2025\/11\/Nuit-Blanche-Rouyn-Noranda_3e-edition.png","width":1920,"height":1080},{"@type":"BreadcrumbList","@id":"https:\/\/confluenceslab.uqat.ca\/index.php\/2025\/11\/10\/appel-a-projets-nuit-blanche-de-rouyn-noranda-2026\/#breadcrumb","itemListElement":[{"@type":"ListItem","position":1,"name":"Accueil","item":"https:\/\/confluenceslab.uqat.ca\/"},{"@type":"ListItem","position":2,"name":"Appel \u00e0 projets | Nuit Blanche de Rouyn-Noranda 2026"}]},{"@type":"WebSite","@id":"https:\/\/confluenceslab.uqat.ca\/#website","url":"https:\/\/confluenceslab.uqat.ca\/","name":"Confluences Lab","description":"Laboratoire de recherche de l&#039;UQAT","publisher":{"@id":"https:\/\/confluenceslab.uqat.ca\/#organization"},"potentialAction":[{"@type":"SearchAction","target":{"@type":"EntryPoint","urlTemplate":"https:\/\/confluenceslab.uqat.ca\/?s={search_term_string}"},"query-input":{"@type":"PropertyValueSpecification","valueRequired":true,"valueName":"search_term_string"}}],"inLanguage":"fr-FR"},{"@type":"Organization","@id":"https:\/\/confluenceslab.uqat.ca\/#organization","name":"Confluences Lab de l'UQAT","url":"https:\/\/confluenceslab.uqat.ca\/","logo":{"@type":"ImageObject","inLanguage":"fr-FR","@id":"https:\/\/confluenceslab.uqat.ca\/#\/schema\/logo\/image\/","url":"https:\/\/confluenceslab.uqat.ca\/wp-content\/uploads\/2025\/04\/Confluences.lab_.png","contentUrl":"https:\/\/confluenceslab.uqat.ca\/wp-content\/uploads\/2025\/04\/Confluences.lab_.png","width":1502,"height":548,"caption":"Confluences Lab de l'UQAT"},"image":{"@id":"https:\/\/confluenceslab.uqat.ca\/#\/schema\/logo\/image\/"},"sameAs":["https:\/\/www.facebook.com\/profile.php?id=61565157950955&mibextid=wwXIfr&rdid=7M0nLWQR684DYodT&share_url=httpswww.facebook.comshare16SV7j2NmgmibextidwwXIfr#","https:\/\/x.com\/Facebook","https:\/\/www.instagram.com\/confluenceslab"]},{"@type":"Person","@id":"https:\/\/confluenceslab.uqat.ca\/#\/schema\/person\/90c3a245e5110b08e69569bb25e0bcb5","name":"S\u00e9bastien Duplessis","image":{"@type":"ImageObject","inLanguage":"fr-FR","@id":"https:\/\/secure.gravatar.com\/avatar\/56df22f2a1c1e5fddc3171dd2e9694be8ce942c95f4028d5c0c4df71bf962748?s=96&d=mm&r=g","url":"https:\/\/secure.gravatar.com\/avatar\/56df22f2a1c1e5fddc3171dd2e9694be8ce942c95f4028d5c0c4df71bf962748?s=96&d=mm&r=g","contentUrl":"https:\/\/secure.gravatar.com\/avatar\/56df22f2a1c1e5fddc3171dd2e9694be8ce942c95f4028d5c0c4df71bf962748?s=96&d=mm&r=g","caption":"S\u00e9bastien Duplessis"},"url":"https:\/\/confluenceslab.uqat.ca\/index.php\/author\/sebastien-duplessis2uqat-ca\/"}]}},"_links":{"self":[{"href":"https:\/\/confluenceslab.uqat.ca\/index.php\/wp-json\/wp\/v2\/posts\/23163","targetHints":{"allow":["GET"]}}],"collection":[{"href":"https:\/\/confluenceslab.uqat.ca\/index.php\/wp-json\/wp\/v2\/posts"}],"about":[{"href":"https:\/\/confluenceslab.uqat.ca\/index.php\/wp-json\/wp\/v2\/types\/post"}],"author":[{"embeddable":true,"href":"https:\/\/confluenceslab.uqat.ca\/index.php\/wp-json\/wp\/v2\/users\/2"}],"replies":[{"embeddable":true,"href":"https:\/\/confluenceslab.uqat.ca\/index.php\/wp-json\/wp\/v2\/comments?post=23163"}],"version-history":[{"count":10,"href":"https:\/\/confluenceslab.uqat.ca\/index.php\/wp-json\/wp\/v2\/posts\/23163\/revisions"}],"predecessor-version":[{"id":23179,"href":"https:\/\/confluenceslab.uqat.ca\/index.php\/wp-json\/wp\/v2\/posts\/23163\/revisions\/23179"}],"wp:featuredmedia":[{"embeddable":true,"href":"https:\/\/confluenceslab.uqat.ca\/index.php\/wp-json\/wp\/v2\/media\/23173"}],"wp:attachment":[{"href":"https:\/\/confluenceslab.uqat.ca\/index.php\/wp-json\/wp\/v2\/media?parent=23163"}],"wp:term":[{"taxonomy":"category","embeddable":true,"href":"https:\/\/confluenceslab.uqat.ca\/index.php\/wp-json\/wp\/v2\/categories?post=23163"},{"taxonomy":"post_tag","embeddable":true,"href":"https:\/\/confluenceslab.uqat.ca\/index.php\/wp-json\/wp\/v2\/tags?post=23163"}],"curies":[{"name":"wp","href":"https:\/\/api.w.org\/{rel}","templated":true}]}}